{"id":5823,"date":"2026-01-23T10:18:18","date_gmt":"2026-01-23T09:18:18","guid":{"rendered":"https:\/\/www.procertus.be\/?p=5823"},"modified":"2026-01-26T10:52:47","modified_gmt":"2026-01-26T09:52:47","slug":"bonne-nouvelle-pour-la-construction-durable-et-circulaire-heidelberg-materials-benelux-sa-obtient-un-atg","status":"publish","type":"post","link":"https:\/\/www.procertus.be\/fr\/bonne-nouvelle-pour-la-construction-durable-et-circulaire-heidelberg-materials-benelux-sa-obtient-un-atg\/","title":{"rendered":"Bonne nouvelle pour la construction durable et circulaire : Heidelberg Materials BENELUX SA obtient un ATG !"},"content":{"rendered":"<div class=\"fusion-fullwidth fullwidth-box fusion-builder-row-1 fusion-flex-container nonhundred-percent-fullwidth non-hundred-percent-height-scrolling\" style=\"--awb-border-radius-top-left:0px;--awb-border-radius-top-right:0px;--awb-border-radius-bottom-right:0px;--awb-border-radius-bottom-left:0px;--awb-flex-wrap:wrap;\" ><div class=\"fusion-builder-row fusion-row fusion-flex-align-items-flex-start fusion-flex-content-wrap\" style=\"max-width:1456px;margin-left: calc(-4% \/ 2 );margin-right: calc(-4% \/ 2 );\"><div class=\"fusion-layout-column fusion_builder_column fusion-builder-column-0 fusion_builder_column_1_1 1_1 fusion-flex-column\" style=\"--awb-bg-size:cover;--awb-width-large:100%;--awb-margin-top-large:0px;--awb-spacing-right-large:1.92%;--awb-margin-bottom-large:0px;--awb-spacing-left-large:1.92%;--awb-width-medium:100%;--awb-spacing-right-medium:1.92%;--awb-spacing-left-medium:1.92%;--awb-width-small:100%;--awb-spacing-right-small:1.92%;--awb-spacing-left-small:1.92%;\"><div class=\"fusion-column-wrapper fusion-flex-justify-content-flex-start fusion-content-layout-column\"><div class=\"fusion-image-element \" style=\"text-align:center;--awb-margin-bottom:50px;--awb-caption-title-font-family:var(--h2_typography-font-family);--awb-caption-title-font-weight:var(--h2_typography-font-weight);--awb-caption-title-font-style:var(--h2_typography-font-style);--awb-caption-title-size:var(--h2_typography-font-size);--awb-caption-title-transform:var(--h2_typography-text-transform);--awb-caption-title-line-height:var(--h2_typography-line-height);--awb-caption-title-letter-spacing:var(--h2_typography-letter-spacing);\"><span class=\" fusion-imageframe imageframe-none imageframe-1 hover-type-none\"><img decoding=\"async\" width=\"309\" height=\"173\" title=\"logo-ATG\" src=\"https:\/\/www.procertus.be\/wp-content\/uploads\/2024\/07\/logo-ATG-e1768566206290.png\" data-orig-src=\"https:\/\/www.procertus.be\/wp-content\/uploads\/2024\/07\/logo-ATG-e1768566206290.png\" alt class=\"lazyload img-responsive wp-image-3791\" srcset=\"data:image\/svg+xml,%3Csvg%20xmlns%3D%27http%3A%2F%2Fwww.w3.org%2F2000%2Fsvg%27%20width%3D%27309%27%20height%3D%27173%27%20viewBox%3D%270%200%20309%20173%27%3E%3Crect%20width%3D%27309%27%20height%3D%27173%27%20fill-opacity%3D%220%22%2F%3E%3C%2Fsvg%3E\" data-srcset=\"https:\/\/www.procertus.be\/wp-content\/uploads\/2024\/07\/logo-ATG-e1768566206290-200x112.png 200w, https:\/\/www.procertus.be\/wp-content\/uploads\/2024\/07\/logo-ATG-e1768566206290.png 309w\" data-sizes=\"auto\" data-orig-sizes=\"(max-width: 700px) 100vw, 309px\" \/><\/span><\/div><div class=\"fusion-text fusion-text-1\"><p>La gamme de ciments pouzzolaniques couverts par un Agr\u00e9ment Technique (ATG) s\u2019\u00e9largit avec deux nouveaux ciments !<\/p>\n<p>Ces 2 ciments, d\u00e9j\u00e0 certifi\u00e9s CE et BENOR, concernent les ciments de type <strong>CEM II\/A\u2011M (Q\u2011LL) 52,5 R<\/strong>\u00a0et <strong>CEM II\/B\u2011M (Q\u2011LL) 52,5 N<\/strong>, produits par Heidelberg Materials BENELUX SA \u00e0 l\u2019usine de <strong>Gent II<\/strong>. Ils pourront d\u00e9sormais \u00e9galement \u00eatre utilis\u00e9s dans la production de <strong>b\u00e9ton BENOR<\/strong>. Il s&rsquo;agit d&rsquo;une avanc\u00e9e importante pour la construction durable et circulaire, avec davantage de solutions certifi\u00e9es pour le secteur.<\/p>\n<\/div><div style=\"text-align:center;\"><a class=\"fusion-button button-flat fusion-button-default-size button-default fusion-button-default button-1 fusion-button-default-span fusion-button-default-type\" style=\"--button_margin-bottom:25px;\" target=\"_blank\" rel=\"noopener noreferrer\" href=\"https:\/\/butgb-ubatc.be\/en\/technical_approval\/atg-3365\/\"><span class=\"fusion-button-text awb-button__text awb-button__text--default\">ATG 3365<\/span><\/a><\/div><div class=\"fusion-text fusion-text-2\"><p><strong>Un ATG qui s\u2019inscrit dans une dynamique sectorielle<\/strong><\/p>\n<p>Cet ATG pour des types de ciments innovants et plus \u00e9cologiques est d\u00e9j\u00e0 le troisi\u00e8me de ce type \u00e0 avoir \u00e9t\u00e9 publi\u00e9. En effet, deux autres producteurs belges de ciment ont d\u00e9j\u00e0 obtenu un ATG pour des ciments aux mat\u00e9riaux pouzzolaniques\u00a0:<\/p>\n<p><strong>V.V.M. nv \u2013 V.V.M. Antwerp<\/strong> : CEM V\/A (S\u2011P) 42,5 N\u2011LH (1er ciment avec P sous ATG)<\/p>\n<\/div><div style=\"text-align:center;\"><a class=\"fusion-button button-flat fusion-button-default-size button-default fusion-button-default button-2 fusion-button-default-span fusion-button-default-type\" style=\"--button_margin-bottom:25px;\" target=\"_blank\" rel=\"noopener noreferrer\" href=\"https:\/\/butgb-ubatc.be\/en\/technical_approval\/atg-3315\/\"><span class=\"fusion-button-text awb-button__text awb-button__text--default\">ATG 3315<\/span><\/a><\/div><div class=\"fusion-text fusion-text-3\"><p><strong>C.C.B. SA \u2013 Usine de Gaurain-Ramecroix : <\/strong>CEM II\/B\u2011M (Q\u2011LL) 52,5 N (1er ciment avec Q sous ATG)<\/p>\n<\/div><div style=\"text-align:center;\"><a class=\"fusion-button button-flat fusion-button-default-size button-default fusion-button-default button-3 fusion-button-default-span fusion-button-default-type\" style=\"--button_margin-bottom:25px;\" target=\"_blank\" rel=\"noopener noreferrer\" href=\"https:\/\/butgb-ubatc.be\/en\/technical_approval\/atg-3259\/\"><span class=\"fusion-button-text awb-button__text awb-button__text--default\">ATG 3259<\/span><\/a><\/div><div class=\"fusion-text fusion-text-4\"><p><strong>Pourquoi un ATG pour ces ciments\u00a0?<\/strong><\/p>\n<p>L\u2019aptitude g\u00e9n\u00e9rale des ciments est d\u00e9montr\u00e9e pour les ciments repris dans les normes NBN\u00a0EN\u00a0197\u20111, NBN\u00a0EN\u00a0197\u20115 et NBN\u00a0EN\u00a0197\u20116. Pour une utilisation dans le b\u00e9ton en Belgique, leur aptitude sp\u00e9cifique \u00e0 l\u2019emploi doit \u00e9galement \u00eatre d\u00e9montr\u00e9e. C\u2019est le cas pour les ciments repris dans le compl\u00e9ment national belge NBN\u00a0B\u00a015\u2011001\u00e0 la norme b\u00e9ton NBN\u00a0EN\u00a0206, qui d\u00e9finit l\u2019aptitude sp\u00e9cifique \u00e0 l\u2019emploi des ciments. Toutefois, certains ciments innovants tels que les ciments aux pouzzolanes ou aux argiles calcin\u00e9es n\u2019y sont pas repris car leur aptitude sp\u00e9cifique \u00e0 l\u2019emploi n\u2019a pas encore \u00e9t\u00e9 d\u00e9montr\u00e9e suffisamment.<\/p>\n<p>Ces ciments, qui constituent une alternative durable au ciment Portland classique, avec des \u00e9missions de CO<sub>2<\/sub> nettement inf\u00e9rieures sans perte de performances, n\u00e9cessitent d\u00e8s lors une \u00e9valuation compl\u00e9mentaire. C\u2019est pr\u00e9cis\u00e9ment le r\u00f4le de l\u2019ATG.<\/p>\n<p><strong>Que d\u00e9montre l\u2019ATG\u00a0?<\/strong><\/p>\n<p>Les \u00e9valuations r\u00e9alis\u00e9es dans le cadre de l\u2019ATG visent \u00e0 d\u00e9montrer l\u2019aptitude sp\u00e9cifique \u00e0 l\u2019emploi du ciment pour certaines classes d\u2019exposition et d\u2019environnement sur base d\u2019un programme d\u2019essais de durabilit\u00e9.<\/p>\n<p>L\u2019ATG permet une utilisation de ces dans le b\u00e9ton (BENOR) en Belgique. L\u2019importance de cet ATG ne saurait \u00eatre surestim\u00e9e\u00a0: il contient en effet les preuves de l\u2019aptitude sp\u00e9cifique \u00e0 l\u2019emploi selon la norme belge NBN\u00a0B\u00a015\u2011001, constituant ainsi le cha\u00eenon manquant qui permet enfin leur utilisation quasi g\u00e9n\u00e9rale dans le b\u00e9ton.<\/p>\n<p>Gr\u00e2ce \u00e0 ces ATG, les producteurs de b\u00e9ton peuvent utiliser ces ciments en toute s\u00e9curit\u00e9, sans se soucier d\u2019une baisse de performance, tout en faisant le choix de ciments plus durables.<\/p>\n<p><strong>Le r\u00f4le de PROCERTUS <\/strong><\/p>\n<p>PROCERTUS, en tant qu\u2019op\u00e9rateur de certification pour l\u2019UBAtc, a jou\u00e9 un r\u00f4le cl\u00e9 pour \u00e9tayer techniquement et garantir la fiabilit\u00e9 de ces solutions durables.<\/p>\n<p>En tant qu\u2019op\u00e9rateur de certification agr\u00e9\u00e9 au sein du syst\u00e8me ATG, PROCERTUS est responsable de\u202f:<\/p>\n<ul>\n<li>l\u2019analyse des r\u00e9sultats de laboratoire internes et externes faisant partie du dossier d\u2019agr\u00e9ment, et ce aussi bien pendant la phase initiale et la phase de surveillance et d\u2019extension ;<\/li>\n<li>l\u2019\u00e9valuation ind\u00e9pendante des performances techniques ;<\/li>\n<li>la surveillance de la conformit\u00e9 du produit avec le texte d\u2019agr\u00e9ment d\u00e9crit par le biais de contr\u00f4les et d\u2019\u00e9valuations r\u00e9guliers.<\/li>\n<\/ul>\n<p>Nous assurons ainsi la fiabilit\u00e9 technique du produit.<\/p>\n<p><strong>Qu\u2019est-ce qu\u2019un ATG ?<\/strong><\/p>\n<p>Un ATG (Agr\u00e9ment Technique) est un document officiel confirmant qu\u2019un produit de construction innovant peut \u00eatre utilis\u00e9 dans la pratique. Il offre aux prescripteurs, aux entrepreneurs et aux producteurs une certitude technique quant aux performances et aux conditions d\u2019utilisation, en particulier lorsqu\u2019il n\u2019existe pas de norme technique standard.<\/p>\n<p><strong>Vous souhaitez en savoir plus sur les ATG ? <\/strong><\/p>\n<p>N\u2019h\u00e9sitez pas \u00e0 contacter info@procertus.be ou \u00e0 consulter les derni\u00e8res mises \u00e0 jour via l\u2019UBAtc.<\/p>\n<\/div><\/div><\/div><\/div><\/div>\n","protected":false},"excerpt":{"rendered":"","protected":false},"author":2,"featured_media":3791,"comment_status":"closed","ping_status":"closed","sticky":false,"template":"","format":"standard","meta":{"footnotes":""},"categories":[115,127,116],"tags":[],"class_list":["post-5823","post","type-post","status-publish","format-standard","has-post-thumbnail","hentry","category-atg-2","category-certification","category-durabilite"],"yoast_head":"<!-- This site is optimized with the Yoast SEO plugin v26.9 - https:\/\/yoast.com\/product\/yoast-seo-wordpress\/ -->\n<title>Bonne nouvelle pour la construction durable et circulaire : Heidelberg Materials BENELUX SA obtient un ATG ! | PROCERTUS<\/title>\n<meta name=\"robots\" content=\"index, follow, max-snippet:-1, max-image-preview:large, max-video-preview:-1\" \/>\n<link rel=\"canonical\" href=\"https:\/\/www.procertus.be\/fr\/bonne-nouvelle-pour-la-construction-durable-et-circulaire-heidelberg-materials-benelux-sa-obtient-un-atg\/\" \/>\n<meta property=\"og:locale\" content=\"fr_FR\" \/>\n<meta property=\"og:type\" content=\"article\" \/>\n<meta property=\"og:title\" content=\"Bonne nouvelle pour la construction durable et circulaire : Heidelberg Materials BENELUX SA obtient un ATG ! | PROCERTUS\" \/>\n<meta property=\"og:url\" content=\"https:\/\/www.procertus.be\/fr\/bonne-nouvelle-pour-la-construction-durable-et-circulaire-heidelberg-materials-benelux-sa-obtient-un-atg\/\" \/>\n<meta property=\"og:site_name\" content=\"PROCERTUS\" \/>\n<meta property=\"article:published_time\" content=\"2026-01-23T09:18:18+00:00\" \/>\n<meta property=\"article:modified_time\" content=\"2026-01-26T09:52:47+00:00\" \/>\n<meta property=\"og:image\" content=\"https:\/\/www.procertus.be\/wp-content\/uploads\/2024\/07\/logo-ATG-e1768566206290.png\" \/>\n\t<meta property=\"og:image:width\" content=\"309\" \/>\n\t<meta property=\"og:image:height\" content=\"173\" \/>\n\t<meta property=\"og:image:type\" content=\"image\/png\" \/>\n<meta name=\"author\" content=\"Martin Croon\" \/>\n<meta name=\"twitter:card\" content=\"summary_large_image\" \/>\n<meta name=\"twitter:label1\" content=\"\u00c9crit par\" \/>\n\t<meta name=\"twitter:data1\" content=\"Martin Croon\" \/>\n\t<meta name=\"twitter:label2\" content=\"Dur\u00e9e de lecture estim\u00e9e\" \/>\n\t<meta name=\"twitter:data2\" content=\"4 minutes\" \/>\n<script type=\"application\/ld+json\" class=\"yoast-schema-graph\">{\"@context\":\"https:\/\/schema.org\",\"@graph\":[{\"@type\":\"Article\",\"@id\":\"https:\/\/www.procertus.be\/fr\/bonne-nouvelle-pour-la-construction-durable-et-circulaire-heidelberg-materials-benelux-sa-obtient-un-atg\/#article\",\"isPartOf\":{\"@id\":\"https:\/\/www.procertus.be\/fr\/bonne-nouvelle-pour-la-construction-durable-et-circulaire-heidelberg-materials-benelux-sa-obtient-un-atg\/\"},\"author\":{\"name\":\"Martin Croon\",\"@id\":\"https:\/\/www.procertus.be\/fr\/#\/schema\/person\/312d077f4cdfc60a6acecbef7c3815ea\"},\"headline\":\"Bonne nouvelle pour la construction durable et circulaire : Heidelberg Materials BENELUX SA obtient un ATG !\",\"datePublished\":\"2026-01-23T09:18:18+00:00\",\"dateModified\":\"2026-01-26T09:52:47+00:00\",\"mainEntityOfPage\":{\"@id\":\"https:\/\/www.procertus.be\/fr\/bonne-nouvelle-pour-la-construction-durable-et-circulaire-heidelberg-materials-benelux-sa-obtient-un-atg\/\"},\"wordCount\":2279,\"publisher\":{\"@id\":\"https:\/\/www.procertus.be\/fr\/#organization\"},\"image\":{\"@id\":\"https:\/\/www.procertus.be\/fr\/bonne-nouvelle-pour-la-construction-durable-et-circulaire-heidelberg-materials-benelux-sa-obtient-un-atg\/#primaryimage\"},\"thumbnailUrl\":\"https:\/\/www.procertus.be\/wp-content\/uploads\/2024\/07\/logo-ATG-e1768566206290.png\",\"articleSection\":[\"ATG\",\"Certification\",\"Durabilit\u00e9\"],\"inLanguage\":\"fr-FR\"},{\"@type\":\"WebPage\",\"@id\":\"https:\/\/www.procertus.be\/fr\/bonne-nouvelle-pour-la-construction-durable-et-circulaire-heidelberg-materials-benelux-sa-obtient-un-atg\/\",\"url\":\"https:\/\/www.procertus.be\/fr\/bonne-nouvelle-pour-la-construction-durable-et-circulaire-heidelberg-materials-benelux-sa-obtient-un-atg\/\",\"name\":\"Bonne nouvelle pour la construction durable et circulaire : Heidelberg Materials BENELUX SA obtient un ATG ! | PROCERTUS\",\"isPartOf\":{\"@id\":\"https:\/\/www.procertus.be\/fr\/#website\"},\"primaryImageOfPage\":{\"@id\":\"https:\/\/www.procertus.be\/fr\/bonne-nouvelle-pour-la-construction-durable-et-circulaire-heidelberg-materials-benelux-sa-obtient-un-atg\/#primaryimage\"},\"image\":{\"@id\":\"https:\/\/www.procertus.be\/fr\/bonne-nouvelle-pour-la-construction-durable-et-circulaire-heidelberg-materials-benelux-sa-obtient-un-atg\/#primaryimage\"},\"thumbnailUrl\":\"https:\/\/www.procertus.be\/wp-content\/uploads\/2024\/07\/logo-ATG-e1768566206290.png\",\"datePublished\":\"2026-01-23T09:18:18+00:00\",\"dateModified\":\"2026-01-26T09:52:47+00:00\",\"breadcrumb\":{\"@id\":\"https:\/\/www.procertus.be\/fr\/bonne-nouvelle-pour-la-construction-durable-et-circulaire-heidelberg-materials-benelux-sa-obtient-un-atg\/#breadcrumb\"},\"inLanguage\":\"fr-FR\",\"potentialAction\":[{\"@type\":\"ReadAction\",\"target\":[\"https:\/\/www.procertus.be\/fr\/bonne-nouvelle-pour-la-construction-durable-et-circulaire-heidelberg-materials-benelux-sa-obtient-un-atg\/\"]}]},{\"@type\":\"ImageObject\",\"inLanguage\":\"fr-FR\",\"@id\":\"https:\/\/www.procertus.be\/fr\/bonne-nouvelle-pour-la-construction-durable-et-circulaire-heidelberg-materials-benelux-sa-obtient-un-atg\/#primaryimage\",\"url\":\"https:\/\/www.procertus.be\/wp-content\/uploads\/2024\/07\/logo-ATG-e1768566206290.png\",\"contentUrl\":\"https:\/\/www.procertus.be\/wp-content\/uploads\/2024\/07\/logo-ATG-e1768566206290.png\",\"width\":309,\"height\":173},{\"@type\":\"BreadcrumbList\",\"@id\":\"https:\/\/www.procertus.be\/fr\/bonne-nouvelle-pour-la-construction-durable-et-circulaire-heidelberg-materials-benelux-sa-obtient-un-atg\/#breadcrumb\",\"itemListElement\":[{\"@type\":\"ListItem\",\"position\":1,\"name\":\"Accueil\",\"item\":\"https:\/\/www.procertus.be\/fr\/\"},{\"@type\":\"ListItem\",\"position\":2,\"name\":\"Bonne nouvelle pour la construction durable et circulaire : Heidelberg Materials BENELUX SA obtient un ATG !\"}]},{\"@type\":\"WebSite\",\"@id\":\"https:\/\/www.procertus.be\/fr\/#website\",\"url\":\"https:\/\/www.procertus.be\/fr\/\",\"name\":\"PROCERTUS\",\"description\":\"Certification that builds trust\",\"publisher\":{\"@id\":\"https:\/\/www.procertus.be\/fr\/#organization\"},\"potentialAction\":[{\"@type\":\"SearchAction\",\"target\":{\"@type\":\"EntryPoint\",\"urlTemplate\":\"https:\/\/www.procertus.be\/fr\/?s={search_term_string}\"},\"query-input\":{\"@type\":\"PropertyValueSpecification\",\"valueRequired\":true,\"valueName\":\"search_term_string\"}}],\"inLanguage\":\"fr-FR\"},{\"@type\":\"Organization\",\"@id\":\"https:\/\/www.procertus.be\/fr\/#organization\",\"name\":\"PROCERTUS\",\"url\":\"https:\/\/www.procertus.be\/fr\/\",\"logo\":{\"@type\":\"ImageObject\",\"inLanguage\":\"fr-FR\",\"@id\":\"https:\/\/www.procertus.be\/fr\/#\/schema\/logo\/image\/\",\"url\":\"https:\/\/www.procertus.be\/wp-content\/uploads\/2024\/02\/Logo_Procertus_Full.png\",\"contentUrl\":\"https:\/\/www.procertus.be\/wp-content\/uploads\/2024\/02\/Logo_Procertus_Full.png\",\"width\":767,\"height\":200,\"caption\":\"PROCERTUS\"},\"image\":{\"@id\":\"https:\/\/www.procertus.be\/fr\/#\/schema\/logo\/image\/\"},\"sameAs\":[\"https:\/\/www.linkedin.com\/company\/procertusbe\"]},{\"@type\":\"Person\",\"@id\":\"https:\/\/www.procertus.be\/fr\/#\/schema\/person\/312d077f4cdfc60a6acecbef7c3815ea\",\"name\":\"Martin Croon\"}]}<\/script>\n<!-- \/ Yoast SEO plugin. -->","yoast_head_json":{"title":"Bonne nouvelle pour la construction durable et circulaire : Heidelberg Materials BENELUX SA obtient un ATG ! | PROCERTUS","robots":{"index":"index","follow":"follow","max-snippet":"max-snippet:-1","max-image-preview":"max-image-preview:large","max-video-preview":"max-video-preview:-1"},"canonical":"https:\/\/www.procertus.be\/fr\/bonne-nouvelle-pour-la-construction-durable-et-circulaire-heidelberg-materials-benelux-sa-obtient-un-atg\/","og_locale":"fr_FR","og_type":"article","og_title":"Bonne nouvelle pour la construction durable et circulaire : Heidelberg Materials BENELUX SA obtient un ATG ! | PROCERTUS","og_url":"https:\/\/www.procertus.be\/fr\/bonne-nouvelle-pour-la-construction-durable-et-circulaire-heidelberg-materials-benelux-sa-obtient-un-atg\/","og_site_name":"PROCERTUS","article_published_time":"2026-01-23T09:18:18+00:00","article_modified_time":"2026-01-26T09:52:47+00:00","og_image":[{"width":309,"height":173,"url":"https:\/\/www.procertus.be\/wp-content\/uploads\/2024\/07\/logo-ATG-e1768566206290.png","type":"image\/png"}],"author":"Martin Croon","twitter_card":"summary_large_image","twitter_misc":{"\u00c9crit par":"Martin Croon","Dur\u00e9e de lecture estim\u00e9e":"4 minutes"},"schema":{"@context":"https:\/\/schema.org","@graph":[{"@type":"Article","@id":"https:\/\/www.procertus.be\/fr\/bonne-nouvelle-pour-la-construction-durable-et-circulaire-heidelberg-materials-benelux-sa-obtient-un-atg\/#article","isPartOf":{"@id":"https:\/\/www.procertus.be\/fr\/bonne-nouvelle-pour-la-construction-durable-et-circulaire-heidelberg-materials-benelux-sa-obtient-un-atg\/"},"author":{"name":"Martin Croon","@id":"https:\/\/www.procertus.be\/fr\/#\/schema\/person\/312d077f4cdfc60a6acecbef7c3815ea"},"headline":"Bonne nouvelle pour la construction durable et circulaire : Heidelberg Materials BENELUX SA obtient un ATG !","datePublished":"2026-01-23T09:18:18+00:00","dateModified":"2026-01-26T09:52:47+00:00","mainEntityOfPage":{"@id":"https:\/\/www.procertus.be\/fr\/bonne-nouvelle-pour-la-construction-durable-et-circulaire-heidelberg-materials-benelux-sa-obtient-un-atg\/"},"wordCount":2279,"publisher":{"@id":"https:\/\/www.procertus.be\/fr\/#organization"},"image":{"@id":"https:\/\/www.procertus.be\/fr\/bonne-nouvelle-pour-la-construction-durable-et-circulaire-heidelberg-materials-benelux-sa-obtient-un-atg\/#primaryimage"},"thumbnailUrl":"https:\/\/www.procertus.be\/wp-content\/uploads\/2024\/07\/logo-ATG-e1768566206290.png","articleSection":["ATG","Certification","Durabilit\u00e9"],"inLanguage":"fr-FR"},{"@type":"WebPage","@id":"https:\/\/www.procertus.be\/fr\/bonne-nouvelle-pour-la-construction-durable-et-circulaire-heidelberg-materials-benelux-sa-obtient-un-atg\/","url":"https:\/\/www.procertus.be\/fr\/bonne-nouvelle-pour-la-construction-durable-et-circulaire-heidelberg-materials-benelux-sa-obtient-un-atg\/","name":"Bonne nouvelle pour la construction durable et circulaire : Heidelberg Materials BENELUX SA obtient un ATG ! | PROCERTUS","isPartOf":{"@id":"https:\/\/www.procertus.be\/fr\/#website"},"primaryImageOfPage":{"@id":"https:\/\/www.procertus.be\/fr\/bonne-nouvelle-pour-la-construction-durable-et-circulaire-heidelberg-materials-benelux-sa-obtient-un-atg\/#primaryimage"},"image":{"@id":"https:\/\/www.procertus.be\/fr\/bonne-nouvelle-pour-la-construction-durable-et-circulaire-heidelberg-materials-benelux-sa-obtient-un-atg\/#primaryimage"},"thumbnailUrl":"https:\/\/www.procertus.be\/wp-content\/uploads\/2024\/07\/logo-ATG-e1768566206290.png","datePublished":"2026-01-23T09:18:18+00:00","dateModified":"2026-01-26T09:52:47+00:00","breadcrumb":{"@id":"https:\/\/www.procertus.be\/fr\/bonne-nouvelle-pour-la-construction-durable-et-circulaire-heidelberg-materials-benelux-sa-obtient-un-atg\/#breadcrumb"},"inLanguage":"fr-FR","potentialAction":[{"@type":"ReadAction","target":["https:\/\/www.procertus.be\/fr\/bonne-nouvelle-pour-la-construction-durable-et-circulaire-heidelberg-materials-benelux-sa-obtient-un-atg\/"]}]},{"@type":"ImageObject","inLanguage":"fr-FR","@id":"https:\/\/www.procertus.be\/fr\/bonne-nouvelle-pour-la-construction-durable-et-circulaire-heidelberg-materials-benelux-sa-obtient-un-atg\/#primaryimage","url":"https:\/\/www.procertus.be\/wp-content\/uploads\/2024\/07\/logo-ATG-e1768566206290.png","contentUrl":"https:\/\/www.procertus.be\/wp-content\/uploads\/2024\/07\/logo-ATG-e1768566206290.png","width":309,"height":173},{"@type":"BreadcrumbList","@id":"https:\/\/www.procertus.be\/fr\/bonne-nouvelle-pour-la-construction-durable-et-circulaire-heidelberg-materials-benelux-sa-obtient-un-atg\/#breadcrumb","itemListElement":[{"@type":"ListItem","position":1,"name":"Accueil","item":"https:\/\/www.procertus.be\/fr\/"},{"@type":"ListItem","position":2,"name":"Bonne nouvelle pour la construction durable et circulaire : Heidelberg Materials BENELUX SA obtient un ATG !"}]},{"@type":"WebSite","@id":"https:\/\/www.procertus.be\/fr\/#website","url":"https:\/\/www.procertus.be\/fr\/","name":"PROCERTUS","description":"Certification that builds trust","publisher":{"@id":"https:\/\/www.procertus.be\/fr\/#organization"},"potentialAction":[{"@type":"SearchAction","target":{"@type":"EntryPoint","urlTemplate":"https:\/\/www.procertus.be\/fr\/?s={search_term_string}"},"query-input":{"@type":"PropertyValueSpecification","valueRequired":true,"valueName":"search_term_string"}}],"inLanguage":"fr-FR"},{"@type":"Organization","@id":"https:\/\/www.procertus.be\/fr\/#organization","name":"PROCERTUS","url":"https:\/\/www.procertus.be\/fr\/","logo":{"@type":"ImageObject","inLanguage":"fr-FR","@id":"https:\/\/www.procertus.be\/fr\/#\/schema\/logo\/image\/","url":"https:\/\/www.procertus.be\/wp-content\/uploads\/2024\/02\/Logo_Procertus_Full.png","contentUrl":"https:\/\/www.procertus.be\/wp-content\/uploads\/2024\/02\/Logo_Procertus_Full.png","width":767,"height":200,"caption":"PROCERTUS"},"image":{"@id":"https:\/\/www.procertus.be\/fr\/#\/schema\/logo\/image\/"},"sameAs":["https:\/\/www.linkedin.com\/company\/procertusbe"]},{"@type":"Person","@id":"https:\/\/www.procertus.be\/fr\/#\/schema\/person\/312d077f4cdfc60a6acecbef7c3815ea","name":"Martin Croon"}]}},"_links":{"self":[{"href":"https:\/\/www.procertus.be\/fr\/wp-json\/wp\/v2\/posts\/5823","targetHints":{"allow":["GET"]}}],"collection":[{"href":"https:\/\/www.procertus.be\/fr\/wp-json\/wp\/v2\/posts"}],"about":[{"href":"https:\/\/www.procertus.be\/fr\/wp-json\/wp\/v2\/types\/post"}],"author":[{"embeddable":true,"href":"https:\/\/www.procertus.be\/fr\/wp-json\/wp\/v2\/users\/2"}],"replies":[{"embeddable":true,"href":"https:\/\/www.procertus.be\/fr\/wp-json\/wp\/v2\/comments?post=5823"}],"version-history":[{"count":10,"href":"https:\/\/www.procertus.be\/fr\/wp-json\/wp\/v2\/posts\/5823\/revisions"}],"predecessor-version":[{"id":5856,"href":"https:\/\/www.procertus.be\/fr\/wp-json\/wp\/v2\/posts\/5823\/revisions\/5856"}],"wp:featuredmedia":[{"embeddable":true,"href":"https:\/\/www.procertus.be\/fr\/wp-json\/wp\/v2\/media\/3791"}],"wp:attachment":[{"href":"https:\/\/www.procertus.be\/fr\/wp-json\/wp\/v2\/media?parent=5823"}],"wp:term":[{"taxonomy":"category","embeddable":true,"href":"https:\/\/www.procertus.be\/fr\/wp-json\/wp\/v2\/categories?post=5823"},{"taxonomy":"post_tag","embeddable":true,"href":"https:\/\/www.procertus.be\/fr\/wp-json\/wp\/v2\/tags?post=5823"}],"curies":[{"name":"wp","href":"https:\/\/api.w.org\/{rel}","templated":true}]}}